{"id":925,"date":"2022-01-31T15:14:00","date_gmt":"2022-01-31T14:14:00","guid":{"rendered":"https:\/\/kinderschutzbund-memmingen-unterallgaeu.de\/?p=925"},"modified":"2022-01-31T15:14:00","modified_gmt":"2022-01-31T14:14:00","slug":"spendenuebergabe-groenenbacher-lackfabrik","status":"publish","type":"post","link":"https:\/\/kinderschutzbund-memmingen-unterallgaeu.de\/index.php\/2022\/01\/31\/spendenuebergabe-groenenbacher-lackfabrik\/","title":{"rendered":"Spenden\u00fcbergabe Gr\u00f6nenbacher Lackfabrik"},"content":{"rendered":"\n<p>Unser Vorsitzender Franz Grabenbauer durfte im Namen des Kinderschutzbundes eine Spende in H\u00f6he von 4000 \u20ac von der Gr\u00f6nenbacher Lackfabrik entgegennehmen. Die beiden anderen Teile der gro\u00dfz\u00fcgigen Spende gingen an die Kartei der Not und Notausgang. Mit dieser Spende wird die Anschaffung der neuen Rollenrutsche endg\u00fcltig finanziert. Dar\u00fcber hinaus wird das Spielmobil umgebaut und es sollen neue Spielger\u00e4te angeschafft werden. Wir bedanken uns ganz herzlich!<\/p>\n\n\n\n<p> <\/p>\n\n\n\n<div class=\"wp-block-image\"><figure class=\"aligncenter size-large is-resized\"><img loading=\"lazy\" decoding=\"async\" src=\"https:\/\/dev1.boeckh.de\/wp-content\/uploads\/2022\/02\/IMG_5121-2-1-1024x768.jpg\" alt=\"\" class=\"wp-image-926\" width=\"598\" height=\"449\" srcset=\"https:\/\/kinderschutzbund-memmingen-unterallgaeu.de\/wp-content\/uploads\/2022\/02\/IMG_5121-2-1-1024x768.jpg 1024w, https:\/\/kinderschutzbund-memmingen-unterallgaeu.de\/wp-content\/uploads\/2022\/02\/IMG_5121-2-1-300x225.jpg 300w, https:\/\/kinderschutzbund-memmingen-unterallgaeu.de\/wp-content\/uploads\/2022\/02\/IMG_5121-2-1-768x576.jpg 768w, https:\/\/kinderschutzbund-memmingen-unterallgaeu.de\/wp-content\/uploads\/2022\/02\/IMG_5121-2-1-1536x1152.jpg 1536w, https:\/\/kinderschutzbund-memmingen-unterallgaeu.de\/wp-content\/uploads\/2022\/02\/IMG_5121-2-1.jpg 1632w\" sizes=\"auto, (max-width: 598px) 100vw, 598px\" \/><figcaption>Franz Grabenbauer (Kinderschutzbund), Christian Viandt und Gerd Gropper (Gr\u00f6nenbacher Lackfabrik), Conrad Reinker (Notausgang), Maike Scholz (Kartei der Not); Bild: Andreas Berger<\/figcaption><\/figure><\/div>\n","protected":false},"excerpt":{"rendered":"<p>Unser Vorsitzender Franz Grabenbauer durfte im Namen des Kinderschutzbundes eine Spende in H\u00f6he von 4000 \u20ac von der Gr\u00f6nenbacher Lackfabrik entgegennehmen. Die beiden anderen Teile der gro\u00dfz\u00fcgigen Spende gingen an die Kartei der Not und Notausgang. Mit dieser Spende wird<\/p>\n","protected":false},"author":3,"featured_media":0,"comment_status":"closed","ping_status":"closed","sticky":false,"template":"","format":"standard","meta":{"footnotes":""},"categories":[2],"tags":[],"class_list":["post-925","post","type-post","status-publish","format-standard","hentry","category-uncategorized"],"_links":{"self":[{"href":"https:\/\/kinderschutzbund-memmingen-unterallgaeu.de\/index.php\/wp-json\/wp\/v2\/posts\/925","targetHints":{"allow":["GET"]}}],"collection":[{"href":"https:\/\/kinderschutzbund-memmingen-unterallgaeu.de\/index.php\/wp-json\/wp\/v2\/posts"}],"about":[{"href":"https:\/\/kinderschutzbund-memmingen-unterallgaeu.de\/index.php\/wp-json\/wp\/v2\/types\/post"}],"author":[{"embeddable":true,"href":"https:\/\/kinderschutzbund-memmingen-unterallgaeu.de\/index.php\/wp-json\/wp\/v2\/users\/3"}],"replies":[{"embeddable":true,"href":"https:\/\/kinderschutzbund-memmingen-unterallgaeu.de\/index.php\/wp-json\/wp\/v2\/comments?post=925"}],"version-history":[{"count":0,"href":"https:\/\/kinderschutzbund-memmingen-unterallgaeu.de\/index.php\/wp-json\/wp\/v2\/posts\/925\/revisions"}],"wp:attachment":[{"href":"https:\/\/kinderschutzbund-memmingen-unterallgaeu.de\/index.php\/wp-json\/wp\/v2\/media?parent=925"}],"wp:term":[{"taxonomy":"category","embeddable":true,"href":"https:\/\/kinderschutzbund-memmingen-unterallgaeu.de\/index.php\/wp-json\/wp\/v2\/categories?post=925"},{"taxonomy":"post_tag","embeddable":true,"href":"https:\/\/kinderschutzbund-memmingen-unterallgaeu.de\/index.php\/wp-json\/wp\/v2\/tags?post=925"}],"curies":[{"name":"wp","href":"https:\/\/api.w.org\/{rel}","templated":true}]}}